{"id":9806,"date":"2021-05-04T12:23:59","date_gmt":"2021-05-04T11:23:59","guid":{"rendered":"https:\/\/www.obleaspastor.com\/obleas-pastor-ha-recibido-una-subvencion-de-la-generalitat-valenciana-labora-para-contratacion-de-personas-desempleadas\/"},"modified":"2021-05-06T14:44:03","modified_gmt":"2021-05-06T13:44:03","slug":"obleas-pastor-ha-recibido-una-subvencion-de-la-generalitat-valenciana-labora-para-contratacion-de-personas-desempleadas","status":"publish","type":"post","link":"https:\/\/www.obleaspastor.com\/fr\/obleas-pastor-ha-recibido-una-subvencion-de-la-generalitat-valenciana-labora-para-contratacion-de-personas-desempleadas\/","title":{"rendered":"Obleas Pastor a re\u00e7u une subvention de la Generalitat Valenciana \u2013 LABORA pour l\u2019embauche de ch\u00f4meurs appartenant \u00e0 des groupes vuln\u00e9rables."},"content":{"rendered":"<p>Obleas Pastor, S. L. a re\u00e7u une subvention d\u2019un montant de 19. 574,94\u20ac de la Generalitat Valenciana \u2013 LABORA, pr\u00e9sent\u00e9e en 2018, destin\u00e9e \u00e0 encourager dans le cadre territorial de la Communaut\u00e9 Valencienne, l\u2019embauche des ch\u00f4meurs appartenant \u00e0 certains groupes vuln\u00e9rables, r\u00e9glement\u00e9s par l\u2019ordonnance 10\/2018, du 12 juillet, de la Conseller\u00eda de Econom\u00eda Sustainable, Sectori Productifs, Commerce et Travail, publi\u00e9e dans le DOGV du 16 juillet 2018.<\/p>\n","protected":false},"excerpt":{"rendered":"<p>Obleas Pastor, S. L. a re\u00e7u une subvention d\u2019un montant de 19. 574,94\u20ac de la Generalitat Valenciana \u2013 LABORA, pr\u00e9sent\u00e9e en 2018, destin\u00e9e \u00e0 encourager dans le cadre territorial de la Communaut\u00e9 Valencienne, l\u2019embauche des ch\u00f4meurs appartenant \u00e0 certains groupes vuln\u00e9rables, r\u00e9glement\u00e9s par l\u2019ordonnance 10\/2018, [&hellip;]<\/p>\n","protected":false},"author":1,"featured_media":9800,"comment_status":"open","ping_status":"open","sticky":false,"template":"","format":"standard","meta":{"footnotes":""},"categories":[183],"tags":[],"class_list":["post-9806","post","type-post","status-publish","format-standard","has-post-thumbnail","hentry","category-noticias-fr"],"yoast_head":"<!-- This site is optimized with the Yoast SEO plugin v27.5 - https:\/\/yoast.com\/product\/yoast-seo-wordpress\/ -->\n<title>Obleas Pastor a re\u00e7u une subvention de la Generalitat Valenciana \u2013 LABORA pour l\u2019embauche de ch\u00f4meurs appartenant \u00e0 des groupes vuln\u00e9rables. &#187; Obleas Pastor<\/title>\n<meta name=\"robots\" content=\"index, follow, max-snippet:-1, max-image-preview:large, max-video-preview:-1\" \/>\n<link rel=\"canonical\" href=\"https:\/\/www.obleaspastor.com\/fr\/obleas-pastor-ha-recibido-una-subvencion-de-la-generalitat-valenciana-labora-para-contratacion-de-personas-desempleadas\/\" \/>\n<script type=\"application\/ld+json\" class=\"yoast-schema-graph\">{\"@context\":\"https:\\\/\\\/schema.org\",\"@graph\":[{\"@type\":\"Article\",\"@id\":\"https:\\\/\\\/www.obleaspastor.com\\\/fr\\\/obleas-pastor-ha-recibido-una-subvencion-de-la-generalitat-valenciana-labora-para-contratacion-de-personas-desempleadas\\\/#article\",\"isPartOf\":{\"@id\":\"https:\\\/\\\/www.obleaspastor.com\\\/fr\\\/obleas-pastor-ha-recibido-una-subvencion-de-la-generalitat-valenciana-labora-para-contratacion-de-personas-desempleadas\\\/\"},\"author\":{\"name\":\"obleas\",\"@id\":\"https:\\\/\\\/www.obleaspastor.com\\\/fr\\\/#\\\/schema\\\/person\\\/4478d61de8c66ddb30bab343579b4495\"},\"headline\":\"Obleas Pastor a re\u00e7u une subvention de la Generalitat Valenciana \u2013 LABORA pour l\u2019embauche de ch\u00f4meurs appartenant \u00e0 des groupes vuln\u00e9rables.\",\"datePublished\":\"2021-05-04T11:23:59+00:00\",\"dateModified\":\"2021-05-06T13:44:03+00:00\",\"mainEntityOfPage\":{\"@id\":\"https:\\\/\\\/www.obleaspastor.com\\\/fr\\\/obleas-pastor-ha-recibido-una-subvencion-de-la-generalitat-valenciana-labora-para-contratacion-de-personas-desempleadas\\\/\"},\"wordCount\":94,\"commentCount\":0,\"publisher\":{\"@id\":\"https:\\\/\\\/www.obleaspastor.com\\\/fr\\\/#organization\"},\"image\":{\"@id\":\"https:\\\/\\\/www.obleaspastor.com\\\/fr\\\/obleas-pastor-ha-recibido-una-subvencion-de-la-generalitat-valenciana-labora-para-contratacion-de-personas-desempleadas\\\/#primaryimage\"},\"thumbnailUrl\":\"https:\\\/\\\/www.obleaspastor.com\\\/wp-content\\\/uploads\\\/2021\\\/05\\\/7eb69eca-9a7c-4c8e-8e52-049e0c956ea5_16-9-discover-aspect-ratio_default_0.jpg\",\"articleSection\":[\"noticias\"],\"inLanguage\":\"fr-FR\",\"potentialAction\":[{\"@type\":\"CommentAction\",\"name\":\"Comment\",\"target\":[\"https:\\\/\\\/www.obleaspastor.com\\\/fr\\\/obleas-pastor-ha-recibido-una-subvencion-de-la-generalitat-valenciana-labora-para-contratacion-de-personas-desempleadas\\\/#respond\"]}]},{\"@type\":\"WebPage\",\"@id\":\"https:\\\/\\\/www.obleaspastor.com\\\/fr\\\/obleas-pastor-ha-recibido-una-subvencion-de-la-generalitat-valenciana-labora-para-contratacion-de-personas-desempleadas\\\/\",\"url\":\"https:\\\/\\\/www.obleaspastor.com\\\/fr\\\/obleas-pastor-ha-recibido-una-subvencion-de-la-generalitat-valenciana-labora-para-contratacion-de-personas-desempleadas\\\/\",\"name\":\"Obleas Pastor a re\u00e7u une subvention de la Generalitat Valenciana \u2013 LABORA pour l\u2019embauche de ch\u00f4meurs appartenant \u00e0 des groupes vuln\u00e9rables. &#187; Obleas Pastor\",\"isPartOf\":{\"@id\":\"https:\\\/\\\/www.obleaspastor.com\\\/fr\\\/#website\"},\"primaryImageOfPage\":{\"@id\":\"https:\\\/\\\/www.obleaspastor.com\\\/fr\\\/obleas-pastor-ha-recibido-una-subvencion-de-la-generalitat-valenciana-labora-para-contratacion-de-personas-desempleadas\\\/#primaryimage\"},\"image\":{\"@id\":\"https:\\\/\\\/www.obleaspastor.com\\\/fr\\\/obleas-pastor-ha-recibido-una-subvencion-de-la-generalitat-valenciana-labora-para-contratacion-de-personas-desempleadas\\\/#primaryimage\"},\"thumbnailUrl\":\"https:\\\/\\\/www.obleaspastor.com\\\/wp-content\\\/uploads\\\/2021\\\/05\\\/7eb69eca-9a7c-4c8e-8e52-049e0c956ea5_16-9-discover-aspect-ratio_default_0.jpg\",\"datePublished\":\"2021-05-04T11:23:59+00:00\",\"dateModified\":\"2021-05-06T13:44:03+00:00\",\"breadcrumb\":{\"@id\":\"https:\\\/\\\/www.obleaspastor.com\\\/fr\\\/obleas-pastor-ha-recibido-una-subvencion-de-la-generalitat-valenciana-labora-para-contratacion-de-personas-desempleadas\\\/#breadcrumb\"},\"inLanguage\":\"fr-FR\",\"potentialAction\":[{\"@type\":\"ReadAction\",\"target\":[\"https:\\\/\\\/www.obleaspastor.com\\\/fr\\\/obleas-pastor-ha-recibido-una-subvencion-de-la-generalitat-valenciana-labora-para-contratacion-de-personas-desempleadas\\\/\"]}]},{\"@type\":\"ImageObject\",\"inLanguage\":\"fr-FR\",\"@id\":\"https:\\\/\\\/www.obleaspastor.com\\\/fr\\\/obleas-pastor-ha-recibido-una-subvencion-de-la-generalitat-valenciana-labora-para-contratacion-de-personas-desempleadas\\\/#primaryimage\",\"url\":\"https:\\\/\\\/www.obleaspastor.com\\\/wp-content\\\/uploads\\\/2021\\\/05\\\/7eb69eca-9a7c-4c8e-8e52-049e0c956ea5_16-9-discover-aspect-ratio_default_0.jpg\",\"contentUrl\":\"https:\\\/\\\/www.obleaspastor.com\\\/wp-content\\\/uploads\\\/2021\\\/05\\\/7eb69eca-9a7c-4c8e-8e52-049e0c956ea5_16-9-discover-aspect-ratio_default_0.jpg\",\"width\":1200,\"height\":675},{\"@type\":\"BreadcrumbList\",\"@id\":\"https:\\\/\\\/www.obleaspastor.com\\\/fr\\\/obleas-pastor-ha-recibido-una-subvencion-de-la-generalitat-valenciana-labora-para-contratacion-de-personas-desempleadas\\\/#breadcrumb\",\"itemListElement\":[{\"@type\":\"ListItem\",\"position\":1,\"name\":\"Portada\",\"item\":\"https:\\\/\\\/www.obleaspastor.com\\\/fr\\\/oblea-2\\\/\"},{\"@type\":\"ListItem\",\"position\":2,\"name\":\"Obleas Pastor a re\u00e7u une subvention de la Generalitat Valenciana \u2013 LABORA pour l\u2019embauche de ch\u00f4meurs appartenant \u00e0 des groupes vuln\u00e9rables.\"}]},{\"@type\":\"WebSite\",\"@id\":\"https:\\\/\\\/www.obleaspastor.com\\\/fr\\\/#website\",\"url\":\"https:\\\/\\\/www.obleaspastor.com\\\/fr\\\/\",\"name\":\"www.obleaspastor.com\",\"description\":\"Fabricante de Obleas en Alicante, Obleas para Imprimir, Boninas de Oblea, obleas a medida comestibles.\",\"publisher\":{\"@id\":\"https:\\\/\\\/www.obleaspastor.com\\\/fr\\\/#organization\"},\"alternateName\":\"Obleas Pastor\",\"potentialAction\":[{\"@type\":\"SearchAction\",\"target\":{\"@type\":\"EntryPoint\",\"urlTemplate\":\"https:\\\/\\\/www.obleaspastor.com\\\/fr\\\/?s={search_term_string}\"},\"query-input\":{\"@type\":\"PropertyValueSpecification\",\"valueRequired\":true,\"valueName\":\"search_term_string\"}}],\"inLanguage\":\"fr-FR\"},{\"@type\":\"Organization\",\"@id\":\"https:\\\/\\\/www.obleaspastor.com\\\/fr\\\/#organization\",\"name\":\"Obleas Pastor\",\"alternateName\":\"Obleas Pastor\",\"url\":\"https:\\\/\\\/www.obleaspastor.com\\\/fr\\\/\",\"logo\":{\"@type\":\"ImageObject\",\"inLanguage\":\"fr-FR\",\"@id\":\"https:\\\/\\\/www.obleaspastor.com\\\/fr\\\/#\\\/schema\\\/logo\\\/image\\\/\",\"url\":\"https:\\\/\\\/www.obleaspastor.com\\\/wp-content\\\/uploads\\\/2024\\\/09\\\/logo-pie.png\",\"contentUrl\":\"https:\\\/\\\/www.obleaspastor.com\\\/wp-content\\\/uploads\\\/2024\\\/09\\\/logo-pie.png\",\"width\":295,\"height\":163,\"caption\":\"Obleas Pastor\"},\"image\":{\"@id\":\"https:\\\/\\\/www.obleaspastor.com\\\/fr\\\/#\\\/schema\\\/logo\\\/image\\\/\"},\"sameAs\":[\"https:\\\/\\\/www.facebook.com\\\/obleaspastor\",\"https:\\\/\\\/www.linkedin.com\\\/company\\\/obleaspastor\\\/\",\"http:\\\/\\\/instagram.com\\\/obleaspastor\"]},{\"@type\":\"Person\",\"@id\":\"https:\\\/\\\/www.obleaspastor.com\\\/fr\\\/#\\\/schema\\\/person\\\/4478d61de8c66ddb30bab343579b4495\",\"name\":\"obleas\",\"image\":{\"@type\":\"ImageObject\",\"inLanguage\":\"fr-FR\",\"@id\":\"https:\\\/\\\/secure.gravatar.com\\\/avatar\\\/49dc2d9a76e663771b26e40f133c24f5fcd13e59583eb01482b1c0b6a9a89b8e?s=96&d=mm&r=g\",\"url\":\"https:\\\/\\\/secure.gravatar.com\\\/avatar\\\/49dc2d9a76e663771b26e40f133c24f5fcd13e59583eb01482b1c0b6a9a89b8e?s=96&d=mm&r=g\",\"contentUrl\":\"https:\\\/\\\/secure.gravatar.com\\\/avatar\\\/49dc2d9a76e663771b26e40f133c24f5fcd13e59583eb01482b1c0b6a9a89b8e?s=96&d=mm&r=g\",\"caption\":\"obleas\"}}]}<\/script>\n<!-- \/ Yoast SEO plugin. -->","yoast_head_json":{"title":"Obleas Pastor a re\u00e7u une subvention de la Generalitat Valenciana \u2013 LABORA pour l\u2019embauche de ch\u00f4meurs appartenant \u00e0 des groupes vuln\u00e9rables. &#187; Obleas Pastor","robots":{"index":"index","follow":"follow","max-snippet":"max-snippet:-1","max-image-preview":"max-image-preview:large","max-video-preview":"max-video-preview:-1"},"canonical":"https:\/\/www.obleaspastor.com\/fr\/obleas-pastor-ha-recibido-una-subvencion-de-la-generalitat-valenciana-labora-para-contratacion-de-personas-desempleadas\/","schema":{"@context":"https:\/\/schema.org","@graph":[{"@type":"Article","@id":"https:\/\/www.obleaspastor.com\/fr\/obleas-pastor-ha-recibido-una-subvencion-de-la-generalitat-valenciana-labora-para-contratacion-de-personas-desempleadas\/#article","isPartOf":{"@id":"https:\/\/www.obleaspastor.com\/fr\/obleas-pastor-ha-recibido-una-subvencion-de-la-generalitat-valenciana-labora-para-contratacion-de-personas-desempleadas\/"},"author":{"name":"obleas","@id":"https:\/\/www.obleaspastor.com\/fr\/#\/schema\/person\/4478d61de8c66ddb30bab343579b4495"},"headline":"Obleas Pastor a re\u00e7u une subvention de la Generalitat Valenciana \u2013 LABORA pour l\u2019embauche de ch\u00f4meurs appartenant \u00e0 des groupes vuln\u00e9rables.","datePublished":"2021-05-04T11:23:59+00:00","dateModified":"2021-05-06T13:44:03+00:00","mainEntityOfPage":{"@id":"https:\/\/www.obleaspastor.com\/fr\/obleas-pastor-ha-recibido-una-subvencion-de-la-generalitat-valenciana-labora-para-contratacion-de-personas-desempleadas\/"},"wordCount":94,"commentCount":0,"publisher":{"@id":"https:\/\/www.obleaspastor.com\/fr\/#organization"},"image":{"@id":"https:\/\/www.obleaspastor.com\/fr\/obleas-pastor-ha-recibido-una-subvencion-de-la-generalitat-valenciana-labora-para-contratacion-de-personas-desempleadas\/#primaryimage"},"thumbnailUrl":"https:\/\/www.obleaspastor.com\/wp-content\/uploads\/2021\/05\/7eb69eca-9a7c-4c8e-8e52-049e0c956ea5_16-9-discover-aspect-ratio_default_0.jpg","articleSection":["noticias"],"inLanguage":"fr-FR","potentialAction":[{"@type":"CommentAction","name":"Comment","target":["https:\/\/www.obleaspastor.com\/fr\/obleas-pastor-ha-recibido-una-subvencion-de-la-generalitat-valenciana-labora-para-contratacion-de-personas-desempleadas\/#respond"]}]},{"@type":"WebPage","@id":"https:\/\/www.obleaspastor.com\/fr\/obleas-pastor-ha-recibido-una-subvencion-de-la-generalitat-valenciana-labora-para-contratacion-de-personas-desempleadas\/","url":"https:\/\/www.obleaspastor.com\/fr\/obleas-pastor-ha-recibido-una-subvencion-de-la-generalitat-valenciana-labora-para-contratacion-de-personas-desempleadas\/","name":"Obleas Pastor a re\u00e7u une subvention de la Generalitat Valenciana \u2013 LABORA pour l\u2019embauche de ch\u00f4meurs appartenant \u00e0 des groupes vuln\u00e9rables. &#187; Obleas Pastor","isPartOf":{"@id":"https:\/\/www.obleaspastor.com\/fr\/#website"},"primaryImageOfPage":{"@id":"https:\/\/www.obleaspastor.com\/fr\/obleas-pastor-ha-recibido-una-subvencion-de-la-generalitat-valenciana-labora-para-contratacion-de-personas-desempleadas\/#primaryimage"},"image":{"@id":"https:\/\/www.obleaspastor.com\/fr\/obleas-pastor-ha-recibido-una-subvencion-de-la-generalitat-valenciana-labora-para-contratacion-de-personas-desempleadas\/#primaryimage"},"thumbnailUrl":"https:\/\/www.obleaspastor.com\/wp-content\/uploads\/2021\/05\/7eb69eca-9a7c-4c8e-8e52-049e0c956ea5_16-9-discover-aspect-ratio_default_0.jpg","datePublished":"2021-05-04T11:23:59+00:00","dateModified":"2021-05-06T13:44:03+00:00","breadcrumb":{"@id":"https:\/\/www.obleaspastor.com\/fr\/obleas-pastor-ha-recibido-una-subvencion-de-la-generalitat-valenciana-labora-para-contratacion-de-personas-desempleadas\/#breadcrumb"},"inLanguage":"fr-FR","potentialAction":[{"@type":"ReadAction","target":["https:\/\/www.obleaspastor.com\/fr\/obleas-pastor-ha-recibido-una-subvencion-de-la-generalitat-valenciana-labora-para-contratacion-de-personas-desempleadas\/"]}]},{"@type":"ImageObject","inLanguage":"fr-FR","@id":"https:\/\/www.obleaspastor.com\/fr\/obleas-pastor-ha-recibido-una-subvencion-de-la-generalitat-valenciana-labora-para-contratacion-de-personas-desempleadas\/#primaryimage","url":"https:\/\/www.obleaspastor.com\/wp-content\/uploads\/2021\/05\/7eb69eca-9a7c-4c8e-8e52-049e0c956ea5_16-9-discover-aspect-ratio_default_0.jpg","contentUrl":"https:\/\/www.obleaspastor.com\/wp-content\/uploads\/2021\/05\/7eb69eca-9a7c-4c8e-8e52-049e0c956ea5_16-9-discover-aspect-ratio_default_0.jpg","width":1200,"height":675},{"@type":"BreadcrumbList","@id":"https:\/\/www.obleaspastor.com\/fr\/obleas-pastor-ha-recibido-una-subvencion-de-la-generalitat-valenciana-labora-para-contratacion-de-personas-desempleadas\/#breadcrumb","itemListElement":[{"@type":"ListItem","position":1,"name":"Portada","item":"https:\/\/www.obleaspastor.com\/fr\/oblea-2\/"},{"@type":"ListItem","position":2,"name":"Obleas Pastor a re\u00e7u une subvention de la Generalitat Valenciana \u2013 LABORA pour l\u2019embauche de ch\u00f4meurs appartenant \u00e0 des groupes vuln\u00e9rables."}]},{"@type":"WebSite","@id":"https:\/\/www.obleaspastor.com\/fr\/#website","url":"https:\/\/www.obleaspastor.com\/fr\/","name":"www.obleaspastor.com","description":"Fabricante de Obleas en Alicante, Obleas para Imprimir, Boninas de Oblea, obleas a medida comestibles.","publisher":{"@id":"https:\/\/www.obleaspastor.com\/fr\/#organization"},"alternateName":"Obleas Pastor","potentialAction":[{"@type":"SearchAction","target":{"@type":"EntryPoint","urlTemplate":"https:\/\/www.obleaspastor.com\/fr\/?s={search_term_string}"},"query-input":{"@type":"PropertyValueSpecification","valueRequired":true,"valueName":"search_term_string"}}],"inLanguage":"fr-FR"},{"@type":"Organization","@id":"https:\/\/www.obleaspastor.com\/fr\/#organization","name":"Obleas Pastor","alternateName":"Obleas Pastor","url":"https:\/\/www.obleaspastor.com\/fr\/","logo":{"@type":"ImageObject","inLanguage":"fr-FR","@id":"https:\/\/www.obleaspastor.com\/fr\/#\/schema\/logo\/image\/","url":"https:\/\/www.obleaspastor.com\/wp-content\/uploads\/2024\/09\/logo-pie.png","contentUrl":"https:\/\/www.obleaspastor.com\/wp-content\/uploads\/2024\/09\/logo-pie.png","width":295,"height":163,"caption":"Obleas Pastor"},"image":{"@id":"https:\/\/www.obleaspastor.com\/fr\/#\/schema\/logo\/image\/"},"sameAs":["https:\/\/www.facebook.com\/obleaspastor","https:\/\/www.linkedin.com\/company\/obleaspastor\/","http:\/\/instagram.com\/obleaspastor"]},{"@type":"Person","@id":"https:\/\/www.obleaspastor.com\/fr\/#\/schema\/person\/4478d61de8c66ddb30bab343579b4495","name":"obleas","image":{"@type":"ImageObject","inLanguage":"fr-FR","@id":"https:\/\/secure.gravatar.com\/avatar\/49dc2d9a76e663771b26e40f133c24f5fcd13e59583eb01482b1c0b6a9a89b8e?s=96&d=mm&r=g","url":"https:\/\/secure.gravatar.com\/avatar\/49dc2d9a76e663771b26e40f133c24f5fcd13e59583eb01482b1c0b6a9a89b8e?s=96&d=mm&r=g","contentUrl":"https:\/\/secure.gravatar.com\/avatar\/49dc2d9a76e663771b26e40f133c24f5fcd13e59583eb01482b1c0b6a9a89b8e?s=96&d=mm&r=g","caption":"obleas"}}]}},"_links":{"self":[{"href":"https:\/\/www.obleaspastor.com\/fr\/wp-json\/wp\/v2\/posts\/9806","targetHints":{"allow":["GET"]}}],"collection":[{"href":"https:\/\/www.obleaspastor.com\/fr\/wp-json\/wp\/v2\/posts"}],"about":[{"href":"https:\/\/www.obleaspastor.com\/fr\/wp-json\/wp\/v2\/types\/post"}],"author":[{"embeddable":true,"href":"https:\/\/www.obleaspastor.com\/fr\/wp-json\/wp\/v2\/users\/1"}],"replies":[{"embeddable":true,"href":"https:\/\/www.obleaspastor.com\/fr\/wp-json\/wp\/v2\/comments?post=9806"}],"version-history":[{"count":0,"href":"https:\/\/www.obleaspastor.com\/fr\/wp-json\/wp\/v2\/posts\/9806\/revisions"}],"wp:featuredmedia":[{"embeddable":true,"href":"https:\/\/www.obleaspastor.com\/fr\/wp-json\/wp\/v2\/media\/9800"}],"wp:attachment":[{"href":"https:\/\/www.obleaspastor.com\/fr\/wp-json\/wp\/v2\/media?parent=9806"}],"wp:term":[{"taxonomy":"category","embeddable":true,"href":"https:\/\/www.obleaspastor.com\/fr\/wp-json\/wp\/v2\/categories?post=9806"},{"taxonomy":"post_tag","embeddable":true,"href":"https:\/\/www.obleaspastor.com\/fr\/wp-json\/wp\/v2\/tags?post=9806"}],"curies":[{"name":"wp","href":"https:\/\/api.w.org\/{rel}","templated":true}]}}